{"id":1819,"date":"2022-10-14T10:26:45","date_gmt":"2022-10-14T08:26:45","guid":{"rendered":"https:\/\/amplexab.se\/?p=1819"},"modified":"2025-09-23T11:46:19","modified_gmt":"2025-09-23T09:46:19","slug":"ny-affarsomradeschef-och-forstarkning-av-huvudkontoret","status":"publish","type":"post","link":"https:\/\/amplexab.se\/index.php\/2022\/10\/14\/ny-affarsomradeschef-och-forstarkning-av-huvudkontoret\/","title":{"rendered":"Ny aff\u00e4rsomr\u00e5deschef och f\u00f6rst\u00e4rkning av huvudkontoret"},"content":{"rendered":"<p>Henrik Johansson har anst\u00e4llts som chef f\u00f6r Amplex aff\u00e4rsomr\u00e5de Industrial, med plats i koncernens ledningsgrupp, och med tilltr\u00e4de senast 1 januari 2023. Den tidigare aff\u00e4rsomr\u00e5deschefen Glenn Lindqvist tilltr\u00e4der samtidigt en ny tj\u00e4nst inom moderbolaget Amplex AB med fokus p\u00e5 f\u00f6rv\u00e4rv och s\u00e4rskilda projekt.<\/p>\n<p>Henrik Johansson \u00e4r 45 \u00e5r och har en l\u00e5ng och framg\u00e5ngsrik karri\u00e4r bakom sig i Tranter Inc., en global koncern som tillverkar och s\u00e4ljer v\u00e4rmev\u00e4xlare f\u00f6r bruk inom industriell och marin verksamhet. Henrik har haft en rad ledande positioner inom Tranter-gruppen med stationering i ett flertal l\u00e4nder i s\u00e5v\u00e4l Asien som i USA och Europa. Henriks senaste uppdrag har varit som VD och koncernchef f\u00f6r Tranter-LHE Group med huvudkontor i Texas, USA, en position han innehaft i sex \u00e5r. Sin grundutbildning fick Henrik p\u00e5 KTH i Stockholm varifr\u00e5n han har en Ingenj\u00f6rsexamen.<\/p>\n<p>\u201dAmplex har de senaste \u00e5ren vuxit r\u00e4tt rej\u00e4lt, s\u00e5v\u00e4l organiskt som genom bolagsf\u00f6rv\u00e4rv. Vi beh\u00f6ver d\u00e4rf\u00f6r f\u00f6rst\u00e4rka moderbolaget f\u00f6r att kunna leva upp till v\u00e5ra h\u00f6ga ambitioner n\u00e4r det g\u00e4ller att st\u00f6dja v\u00e5ra bolag i deras utveckling och samtidigt forts\u00e4tta v\u00e5r f\u00f6rv\u00e4rvsdrivna expansion. Med Glenn i en ny och viktig roll och med Henrik som ny aff\u00e4rsomr\u00e5deschef adderar vi kapacitet, erfarenhet och kompetens till koncernens ledningsgrupp\u201d, s\u00e4ger Fredrik Celsing, VD och koncernchef f\u00f6r Amplex AB.<\/p>\n<p>\u201dGlenn kan Amplex-gruppen utan och innan och fram\u00f6ver kommer han kunna arbeta mer koncentrerat med f\u00f6rv\u00e4rv och strategiska projekt. Samtidigt f\u00e5r vi in en mycket kvalificerad kraft i Henrik som med sin bevisade f\u00f6rm\u00e5ga att med utm\u00e4rkta resultat leda och utveckla internationella verksamheter blir ett v\u00e4rdefullt tillskott till v\u00e5r f\u00f6retagsgrupp\u201d, avslutar Fredrik Celsing.<\/p>\n<p><strong><em>F\u00f6r ytterligare information, kontakta g\u00e4rna<\/em><\/strong><\/p>\n<p>H\u00e5kan Lundgren, chef f\u00f6retagsutveckling och kommunikation, Amplex AB<br \/>\n+46 (0)8\u00a0759 35 79, hakan.lundgren@amplexab.se<\/p>\n<p>Fredrik Celsing, VD och koncernchef, Amplex AB<br \/>\n+46 (0)8\u00a0759 35 55, fredrik.celsing@amplexab.se<\/p>\n<p><strong>Amplex AB<\/strong> (<a href=\"http:\/\/www.amplexab.se\">www.amplexab.se<\/a>) \u00e4r en privat\u00e4gd svensk f\u00f6retagsgrupp som f\u00f6rv\u00e4rvar, \u00e4ger och utvecklar teknikf\u00f6retag inom utvalda nischer. Gruppen best\u00e5r idag av ett 20-tal bolag verksamma huvudsakligen inom lyft- och materialhantering, s\u00e4kerhet p\u00e5 arbetsplatser och belysning. Tillsammans oms\u00e4tter bolagen cirka 1 100 miljoner kronor och har cirka 550 medarbetare i Sverige, Finland, UK, Frankrike, Tyskland, Kina, USA och Kanada.<\/p>\n<p>Vi str\u00e4var efter att v\u00e4xa som grupp och expanderar b\u00e5de organiskt och genom f\u00f6rv\u00e4rv. Som \u00e4gare agerar vi l\u00e5ngsiktigt och med stort f\u00f6rtroende f\u00f6r v\u00e5ra bolags egen kompetens att driva och utveckla sin verksamhet.<\/p>\n<p>Amplex har tv\u00e5 systerkoncerner i KAMIC Group och Mindelon med vilka vi, i allt v\u00e4sentligt, delar aff\u00e4rsmodell och v\u00e4rderingar. Amplex delar ocks\u00e5 flera ledningsfunktioner med sina systerkoncerner.<\/p>\n<p>Ladda ner: <a href=\"https:\/\/amplexab.se\/wp-content\/uploads\/2022\/10\/PRM_Ny-affarsomradeschef-Industrial_221014_sv-1.pdf\" target=\"_blank\" rel=\"noopener\">PRM_Ny aff\u00e4rsomr\u00e5deschef Industrial_221014_sv<\/a><\/p>\n<p>&nbsp;<\/p>\n","protected":false},"excerpt":{"rendered":"<p>Henrik Johansson har anst\u00e4llts som chef f\u00f6r Amplex aff\u00e4rsomr\u00e5de Industrial, med plats i koncernens ledningsgrupp, och med tilltr\u00e4de senast 1 januari 2023. Den tidigare aff\u00e4rsomr\u00e5deschefen&#8230;<\/p>\n","protected":false},"author":2,"featured_media":2434,"comment_status":"open","ping_status":"open","sticky":false,"template":"","format":"standard","meta":{"_acf_changed":false,"footnotes":""},"categories":[1],"tags":[],"class_list":{"0":"post-1819","1":"post","2":"type-post","3":"status-publish","4":"format-standard","5":"has-post-thumbnail","7":"category-uncategorized"},"acf":[],"_links":{"self":[{"href":"https:\/\/amplexab.se\/index.php\/wp-json\/wp\/v2\/posts\/1819","targetHints":{"allow":["GET"]}}],"collection":[{"href":"https:\/\/amplexab.se\/index.php\/wp-json\/wp\/v2\/posts"}],"about":[{"href":"https:\/\/amplexab.se\/index.php\/wp-json\/wp\/v2\/types\/post"}],"author":[{"embeddable":true,"href":"https:\/\/amplexab.se\/index.php\/wp-json\/wp\/v2\/users\/2"}],"replies":[{"embeddable":true,"href":"https:\/\/amplexab.se\/index.php\/wp-json\/wp\/v2\/comments?post=1819"}],"version-history":[{"count":4,"href":"https:\/\/amplexab.se\/index.php\/wp-json\/wp\/v2\/posts\/1819\/revisions"}],"predecessor-version":[{"id":2433,"href":"https:\/\/amplexab.se\/index.php\/wp-json\/wp\/v2\/posts\/1819\/revisions\/2433"}],"wp:featuredmedia":[{"embeddable":true,"href":"https:\/\/amplexab.se\/index.php\/wp-json\/wp\/v2\/media\/2434"}],"wp:attachment":[{"href":"https:\/\/amplexab.se\/index.php\/wp-json\/wp\/v2\/media?parent=1819"}],"wp:term":[{"taxonomy":"category","embeddable":true,"href":"https:\/\/amplexab.se\/index.php\/wp-json\/wp\/v2\/categories?post=1819"},{"taxonomy":"post_tag","embeddable":true,"href":"https:\/\/amplexab.se\/index.php\/wp-json\/wp\/v2\/tags?post=1819"}],"curies":[{"name":"wp","href":"https:\/\/api.w.org\/{rel}","templated":true}]}}