{"id":1899,"date":"2023-05-11T12:05:55","date_gmt":"2023-05-11T10:05:55","guid":{"rendered":"https:\/\/amplexab.se\/?p=1899"},"modified":"2023-05-11T12:16:40","modified_gmt":"2023-05-11T10:16:40","slug":"forvarv-av-ingenitec","status":"publish","type":"post","link":"https:\/\/amplexab.se\/index.php\/2023\/05\/11\/forvarv-av-ingenitec\/","title":{"rendered":"F\u00f6rv\u00e4rv av Ingenitec"},"content":{"rendered":"<p>Amplex AB har, via dotterbolaget Pronomic SAS, f\u00f6rv\u00e4rvat samtliga aktier i Ingenitec SAS. S\u00e4ljare \u00e4r bolagets verkst\u00e4llande direkt\u00f6r och huvud\u00e4gare Jean-Charles Doublet samt minoritets\u00e4garen Nicolas Prost.<\/p>\n<p>Ingenitec har sin hemvist i Montbrison, cirka sex mil v\u00e4ster om Lyon i Frankrike. Bolaget grundades 2003 och \u00e4r idag en v\u00e4letablerad tillverkare och integrat\u00f6r p\u00e5 den lokala franska marknaden f\u00f6r lyftutrustningar och l\u00f6sningar f\u00f6r materialhantering. Ingenitecs kunder \u00e5terfinns i ett brett spektrum av industrisegment, d\u00e4ribland tillverkningsindustrin, logistik- och transportindustrin samt bland producenter inom kemiteknik, l\u00e4kemedel och livsmedel. Den \u00e5rliga oms\u00e4ttningen uppg\u00e5r till cirka sex miljoner euro och bolaget har ett 40-tal anst\u00e4llda.<\/p>\n<p>\u201dIngenitec \u00e4r ett v\u00e4lsk\u00f6tt bolag med medarbetare som har h\u00f6g teknisk kompetens och robust erfarenhet inom lyftteknik och ergonomisk materialhantering. Genom f\u00f6rv\u00e4rvet st\u00e4rker vi Amplex och Pronomics befintliga verksamhet inom lyft och materialhantering avsev\u00e4rt. Vi blir st\u00f6rre p\u00e5 den franska marknaden, vi st\u00e4rker v\u00e5r lokala n\u00e4rvaro och f\u00e5r b\u00e4ttre kompetens och h\u00f6gre kapacitet att erbjuda v\u00e5ra franska kunder specialanpassade och v\u00e4rdeskapande l\u00f6sningar,\u201d s\u00e4ger Henrik Johansson, chef f\u00f6r aff\u00e4rsomr\u00e5de Industrial inom Amplex-gruppen.<\/p>\n<p>Samtliga ledningspersoner inom Ingenitec kommer att forts\u00e4tta i sina respektive roller \u00e4ven efter \u00e4garf\u00f6r\u00e4ndringen. Den verkst\u00e4llande direkt\u00f6ren och tidigare huvud\u00e4garen Jean-Charles Doublet kommenterar aff\u00e4ren: \u201dPronomic tillverkar h\u00f6gkvalitativa utrustningar och \u00e4r sedan l\u00e4nge en uppskattad partner till Ingenitec. V\u00e5r relation har alltid pr\u00e4glats av \u00f6msesidigt f\u00f6rtroende och med denna solida grund ser vi i stora m\u00f6jligheter att utvecklas tillsammans, med m\u00e5let att bli den ledande akt\u00f6ren inom lyft- och materialhantering i Frankrike.\u201d<\/p>\n<p><em>\u00a0<\/em><em>F\u00f6r ytterligare information om transaktionen, kontakta g\u00e4rna<\/em><\/p>\n<p>Henrik Johansson, chef f\u00f6r aff\u00e4rsomr\u00e5de Industrial, Amplex<br \/>\n+46 (0)733\u00a067 32 99, <a href=\"mailto:henrik.johansson(at)amplexab.se\">henrik.johansson(at)amplexab.se<\/a><\/p>\n<p>Jean-Charles Doublet, verkst\u00e4llande direkt\u00f6r och tidigare \u00e4gare i Ingenitec<br \/>\n+33 (0)4 77 60 04 16, <a href=\"mailto:jeancharles.doublet(at)ingenitec.com\">jeancharles.doublet(at)ingenitec.com<\/a><\/p>\n<p>H\u00e5kan Lundgren, chef f\u00f6retagsutveckling och kommunikation, Amplex<br \/>\n+46 (0)8\u00a0759 35 79, <a href=\"mailto:hakan.lundgren(at)amplexab.sem\">hakan.lundgren(at)amplexab.se<\/a><\/p>\n<p>Joakim Stannow, verkst\u00e4llande direkt\u00f6r, Pronomic<br \/>\n+46 (0)702 07 60 06, <a href=\"mailto:joakim.stannow(at)pronomic.com\">joakim.stannow(at)pronomic.com<\/a><\/p>\n<p>Ladda ner: <a href=\"https:\/\/amplexab.se\/wp-content\/uploads\/2023\/05\/PRM_Amplex_Ingenitec_2023-05-11_SV.pdf\" target=\"_blank\" rel=\"noopener\">PRM_Amplex_Ingenitec_2023-05-11_SV<\/a><\/p>\n","protected":false},"excerpt":{"rendered":"<p>Amplex AB har, via dotterbolaget Pronomic SAS, f\u00f6rv\u00e4rvat samtliga aktier i Ingenitec SAS. S\u00e4ljare \u00e4r bolagets verkst\u00e4llande direkt\u00f6r och huvud\u00e4gare Jean-Charles Doublet samt minoritets\u00e4garen Nicolas&#8230;<\/p>\n","protected":false},"author":2,"featured_media":1901,"comment_status":"open","ping_status":"open","sticky":false,"template":"","format":"standard","meta":{"_acf_changed":false,"footnotes":""},"categories":[1],"tags":[],"class_list":{"0":"post-1899","1":"post","2":"type-post","3":"status-publish","4":"format-standard","5":"has-post-thumbnail","7":"category-uncategorized"},"acf":[],"_links":{"self":[{"href":"https:\/\/amplexab.se\/index.php\/wp-json\/wp\/v2\/posts\/1899","targetHints":{"allow":["GET"]}}],"collection":[{"href":"https:\/\/amplexab.se\/index.php\/wp-json\/wp\/v2\/posts"}],"about":[{"href":"https:\/\/amplexab.se\/index.php\/wp-json\/wp\/v2\/types\/post"}],"author":[{"embeddable":true,"href":"https:\/\/amplexab.se\/index.php\/wp-json\/wp\/v2\/users\/2"}],"replies":[{"embeddable":true,"href":"https:\/\/amplexab.se\/index.php\/wp-json\/wp\/v2\/comments?post=1899"}],"version-history":[{"count":1,"href":"https:\/\/amplexab.se\/index.php\/wp-json\/wp\/v2\/posts\/1899\/revisions"}],"predecessor-version":[{"id":1902,"href":"https:\/\/amplexab.se\/index.php\/wp-json\/wp\/v2\/posts\/1899\/revisions\/1902"}],"wp:featuredmedia":[{"embeddable":true,"href":"https:\/\/amplexab.se\/index.php\/wp-json\/wp\/v2\/media\/1901"}],"wp:attachment":[{"href":"https:\/\/amplexab.se\/index.php\/wp-json\/wp\/v2\/media?parent=1899"}],"wp:term":[{"taxonomy":"category","embeddable":true,"href":"https:\/\/amplexab.se\/index.php\/wp-json\/wp\/v2\/categories?post=1899"},{"taxonomy":"post_tag","embeddable":true,"href":"https:\/\/amplexab.se\/index.php\/wp-json\/wp\/v2\/tags?post=1899"}],"curies":[{"name":"wp","href":"https:\/\/api.w.org\/{rel}","templated":true}]}}