{"id":2098,"date":"2024-04-10T10:18:00","date_gmt":"2024-04-10T08:18:00","guid":{"rendered":"https:\/\/amplexab.se\/?p=2098"},"modified":"2024-04-10T10:18:14","modified_gmt":"2024-04-10T08:18:14","slug":"expansion-till-italien-genom-forvarv-av-vibrostop","status":"publish","type":"post","link":"https:\/\/amplexab.se\/index.php\/2024\/04\/10\/expansion-till-italien-genom-forvarv-av-vibrostop\/","title":{"rendered":"Expansion till Italien genom f\u00f6rv\u00e4rv av Vibrostop"},"content":{"rendered":"<p>Amplex AB har f\u00f6rv\u00e4rvat samtliga aktier i det italienska bolaget Vibrostop Srl. S\u00e4ljare \u00e4r bolagets huvud\u00e4gare och VD Giorgio Sarti samt tv\u00e5 minoritets\u00e4gare.<\/p>\n<p>Vibrostop grundades 1936 och har allt sedan dess verkat fr\u00e5n Milano, Italien. Bolaget \u00e4r en ledande nischtillverkare av produkter f\u00f6r vibrationsd\u00e4mpning, s\u00e5som gummid\u00e4mpare, fj\u00e4derd\u00e4mpare och vajerd\u00e4mpare. F\u00f6rs\u00e4ljningen sker till ett brett spektrum av kunder i Italien och Sydeuropa, varav tillverkare av v\u00e4rme- och luftkonditioneringsaggregat \u00e4r den st\u00f6rsta kundgruppen. Vibrostop har 12 anst\u00e4llda och en \u00e5rlig oms\u00e4ttning p\u00e5 cirka 40 miljoner kronor.<\/p>\n<p>\u201dVibrostop \u00e4r ett utpr\u00e4glat nischf\u00f6retag med ett starkt erbjudande och h\u00f6g kompetens inom ett tydligt avgr\u00e4nsat omr\u00e5de. Bolagets produkter kompletterar v\u00e5rt befintliga produktprogram inom vibrationsd\u00e4mpning v\u00e4l, och tillf\u00f6r ocks\u00e5 geografisk t\u00e4ckning i s\u00f6dra Europa. Vibrostop blir d\u00e4rf\u00f6r ett v\u00e4rdefullt tillskott till v\u00e5r f\u00f6retagsgrupp,\u201d s\u00e4ger Johan Karlsson, chef f\u00f6r aff\u00e4rsomr\u00e5de Lighting inom Amplex-gruppen.<\/p>\n<p>Den verkst\u00e4llande direkt\u00f6ren och tidigare majorites\u00e4garen Giorgio Sarti kommenterar: \u201dJag \u00e4r mycket tillfreds \u00f6ver att nu l\u00e4mna \u00f6ver \u00e4garskapet av familjef\u00f6retaget till Amplex, som \u00e4r en stabil och l\u00e5ngsiktig \u00e4gare, och som tror p\u00e5 decentralisering och frihet under ansvar. Inom Amplex-gruppen kommer Vibrostop att f\u00e5 st\u00f6d och verktyg f\u00f6r att forts\u00e4tta utvecklas utifr\u00e5n sina egna f\u00f6ruts\u00e4ttningar, vilket \u00e4ven kommer att gynna v\u00e5ra h\u00f6gt v\u00e4rderade kunder och anst\u00e4llda.\u201d<\/p>\n<p><em>F\u00f6r ytterligare information om transaktionen, kontakta g\u00e4rna<\/em><\/p>\n<p>Johan Karlsson, chef f\u00f6r aff\u00e4rsomr\u00e5de Lighting, Amplex<br \/>\n+46 (0)70\u00a0523 29 27, <a href=\"mailto:johan.karlsson(at)amplexab.se\">johan.karlsson(at)amplexab.se<\/a><\/p>\n<p>Giorgio Sarti, verkst\u00e4llande direkt\u00f6r och tidigare majoritets\u00e4gare, Vibrostop Srl<br \/>\n+39 (0)2\u00a0489\u00a0500 08, <a href=\"mailto:giorgio.sarti(at)libero.it\">giorgio.sarti(at)libero.it<\/a><\/p>\n<p>H\u00e5kan Lundgren, chef f\u00f6retagsutveckling och kommunikation, Amplex<br \/>\n+46 (0)8\u00a0759 35 79, <a href=\"mailto:hakan.lundgren(at)amplexab.sem\">hakan.lundgren(at)amplexab.se<\/a><\/p>\n<p>Ladda ner: <a href=\"https:\/\/amplexab.se\/wp-content\/uploads\/2024\/04\/PRM_Amplex_Vibro_2024-04-10_sv.pdf\" target=\"_blank\" rel=\"noopener\">PRM_Amplex_Vibro_2024-04-10_sv<\/a><\/p>\n","protected":false},"excerpt":{"rendered":"<p>Amplex AB har f\u00f6rv\u00e4rvat samtliga aktier i det italienska bolaget Vibrostop Srl. S\u00e4ljare \u00e4r bolagets huvud\u00e4gare och VD Giorgio Sarti samt tv\u00e5 minoritets\u00e4gare. Vibrostop grundades&#8230;<\/p>\n","protected":false},"author":2,"featured_media":2100,"comment_status":"closed","ping_status":"open","sticky":false,"template":"","format":"standard","meta":{"_acf_changed":false,"footnotes":""},"categories":[1],"tags":[],"class_list":{"0":"post-2098","1":"post","2":"type-post","3":"status-publish","4":"format-standard","5":"has-post-thumbnail","7":"category-uncategorized"},"acf":[],"_links":{"self":[{"href":"https:\/\/amplexab.se\/index.php\/wp-json\/wp\/v2\/posts\/2098","targetHints":{"allow":["GET"]}}],"collection":[{"href":"https:\/\/amplexab.se\/index.php\/wp-json\/wp\/v2\/posts"}],"about":[{"href":"https:\/\/amplexab.se\/index.php\/wp-json\/wp\/v2\/types\/post"}],"author":[{"embeddable":true,"href":"https:\/\/amplexab.se\/index.php\/wp-json\/wp\/v2\/users\/2"}],"replies":[{"embeddable":true,"href":"https:\/\/amplexab.se\/index.php\/wp-json\/wp\/v2\/comments?post=2098"}],"version-history":[{"count":2,"href":"https:\/\/amplexab.se\/index.php\/wp-json\/wp\/v2\/posts\/2098\/revisions"}],"predecessor-version":[{"id":2102,"href":"https:\/\/amplexab.se\/index.php\/wp-json\/wp\/v2\/posts\/2098\/revisions\/2102"}],"wp:featuredmedia":[{"embeddable":true,"href":"https:\/\/amplexab.se\/index.php\/wp-json\/wp\/v2\/media\/2100"}],"wp:attachment":[{"href":"https:\/\/amplexab.se\/index.php\/wp-json\/wp\/v2\/media?parent=2098"}],"wp:term":[{"taxonomy":"category","embeddable":true,"href":"https:\/\/amplexab.se\/index.php\/wp-json\/wp\/v2\/categories?post=2098"},{"taxonomy":"post_tag","embeddable":true,"href":"https:\/\/amplexab.se\/index.php\/wp-json\/wp\/v2\/tags?post=2098"}],"curies":[{"name":"wp","href":"https:\/\/api.w.org\/{rel}","templated":true}]}}